{"id":425,"date":"2021-03-18T19:54:37","date_gmt":"2021-03-18T16:54:37","guid":{"rendered":"http:\/\/www.coskunozhukuk.com\/?p=425"},"modified":"2021-03-18T19:54:38","modified_gmt":"2021-03-18T16:54:38","slug":"multeci-hukuku","status":"publish","type":"post","link":"https:\/\/www.coskunozhukuk.com\/?p=425","title":{"rendered":"M\u00fclteci Hukuku"},"content":{"rendered":"\n<p>Yabanc\u0131 \u00fclke vatanda\u015flar\u0131n\u0131n \u00c7al\u0131\u015fma \u0130zinlerinin al\u0131nmas\u0131, Oturma izni prodes\u00fcrlerinin takip edilmesi, T\u00fcrk Vatanda\u015fl\u0131\u011f\u0131na ili\u015fkin ba\u015fvuru ve takip i\u015flemlerinin yap\u0131lmas\u0131 ba\u015fta olmak \u00fczere yabanc\u0131l\u0131k unsuru ta\u015f\u0131yan her konuda hukuki dan\u0131\u015fmanl\u0131k hizmeti veren&nbsp;ofisimizin hizmet verdi\u011fi alanlar ba\u015fl\u0131ca \u015fu \u015fekildedir;<\/p>\n\n\n\n<p>&nbsp;&nbsp;&nbsp;&nbsp;&nbsp;&nbsp;&nbsp;&nbsp;&nbsp;T\u00fcrkiye\u2019de ya\u015famak isteyen yabanc\u0131lar\u0131n oturma izin, oturma izin uzat\u0131m ba\u015fvurular\u0131n\u0131n yap\u0131lmas\u0131,&nbsp; takibi ve sonu\u00e7land\u0131r\u0131lmas\u0131,<\/p>\n\n\n\n<ul class=\"wp-block-list\"><li>Do\u011frudan Yabanc\u0131 Yat\u0131r\u0131mlar Kanununa tabii t\u00fczel ki\u015filer nezdinde istihdam edilecek yabanc\u0131lar da dahil olmak \u00fczere, T\u00fcrkiye\u2019de istihdam edilmesi planlanan yabanc\u0131lar\u0131n \u00e7al\u0131\u015fma izni, \u00e7al\u0131\u015fma izin uzat\u0131m ba\u015fvurusunun yap\u0131lmas\u0131, takibi ve sonu\u00e7land\u0131r\u0131lmas\u0131,<\/li><li>5901 Say\u0131l\u0131 T\u00fcrk Vatanda\u015fl\u0131\u011f\u0131 Kanunu kapsam\u0131nda, T\u00fcrk Vatanda\u015fl\u0131\u011f\u0131n\u0131 iktisap etmek isteyen yabanc\u0131lar\u0131n vatanda\u015fl\u0131k ba\u015fvuru i\u015flemlerinin yap\u0131lmas\u0131, takibi ve sonu\u00e7land\u0131r\u0131lmas\u0131,<\/li><li>5901 Say\u0131l\u0131 T\u00fcrk Vatanda\u015fl\u0131\u011f\u0131 Kanunu kapsam\u0131nda, T\u00fcrk Vatanda\u015fl\u0131\u011f\u0131ndan yetkili makam karar\u0131yla \u00e7\u0131kmak isteyen \u015fah\u0131slar\u0131n ba\u015fvuru i\u015flemlerinin yap\u0131lmas\u0131, takibi ve sonu\u00e7land\u0131r\u0131lmas\u0131,<\/li><li>Yabanc\u0131lar\u0131n T\u00fcrkiye\u2019de ta\u015f\u0131nmaz mal edinmesi ba\u015fta olmak \u00fczere, Gayrimenkul Hukukuna ili\u015fkin dan\u0131\u015fmanl\u0131k hizmeti verilmesi, Miras Hukukuna ili\u015fkin dan\u0131\u015fmanl\u0131k hizmeti verilmesi,<\/li><li>T\u00fcrkiye\u2019de iltica, ge\u00e7ici koruma, ikincil koruma, \u015fartl\u0131 m\u00fclteci ve m\u00fclteci stat\u00fclerine ili\u015fkin hukuki dan\u0131\u015fmanl\u0131k hizmetinin verilmesi, (M\u00fcltecilerin hukuki stat\u00fcs\u00fcne ili\u015fkin 1951 tarihli Cenevre&nbsp;S\u00f6zle\u015fmesi\u2019ni co\u011frafi s\u0131n\u0131rlama \u015fart\u0131yla kabul eden \u00fclkemizde iltica konusunda \u00fclkemizde tek y\u00f6nl\u00fc bir uygulama bulunmamaktad\u0131r. Bu s\u0131n\u0131rlama gere\u011fince T\u00fcrkiye yaln\u0131zca Avrupa Konseyi\u2019ne \u00fcye \u00fclkelerden gelen iltica taleplerini kabul etmektedir. Avrupa Konseyi d\u0131\u015f\u0131ndaki \u00fclkelerden gelen iltica taleplerine ili\u015fkin olarak ise; bu kimselere Birle\u015fmi\u015f Milletler M\u00fclteciler Y\u00fcksek Komiserli\u011fi (UNHCR) arac\u0131l\u0131\u011f\u0131yla kabul edilecekleri \u00fclkeye yerle\u015finceye kadar ge\u00e7ici ikamet izni vermektedir).<\/li><\/ul>\n","protected":false},"excerpt":{"rendered":"<p>Yabanc\u0131 \u00fclke vatanda\u015flar\u0131n\u0131n \u00c7al\u0131\u015fma \u0130zinlerinin al\u0131nmas\u0131, Oturma izni prodes\u00fcrlerinin takip edilmesi, T\u00fcrk Vatanda\u015fl\u0131\u011f\u0131na ili\u015fkin ba\u015fvuru ve takip i\u015flemlerinin yap\u0131lmas\u0131 ba\u015fta olmak \u00fczere yabanc\u0131l\u0131k unsuru ta\u015f\u0131yan her konuda hukuki dan\u0131\u015fmanl\u0131k hizmeti veren&nbsp;ofisimizin hizmet verdi\u011fi alanlar ba\u015fl\u0131ca \u015fu \u015fekildedir; &nbsp;&nbsp;&nbsp;&nbsp;&nbsp;&nbsp;&nbsp;&nbsp;&nbsp;T\u00fcrkiye\u2019de ya\u015famak isteyen yabanc\u0131lar\u0131n oturma izin, oturma izin uzat\u0131m ba\u015fvurular\u0131n\u0131n yap\u0131lmas\u0131,&nbsp; takibi ve sonu\u00e7land\u0131r\u0131lmas\u0131, Do\u011frudan Yabanc\u0131 Yat\u0131r\u0131mlar Kanununa [&hellip;]<\/p>\n","protected":false},"author":1,"featured_media":0,"comment_status":"closed","ping_status":"closed","sticky":false,"template":"","format":"standard","meta":{"footnotes":""},"categories":[1],"tags":[],"class_list":["post-425","post","type-post","status-publish","format-standard","hentry","category-genel"],"_links":{"self":[{"href":"https:\/\/www.coskunozhukuk.com\/index.php?rest_route=\/wp\/v2\/posts\/425","targetHints":{"allow":["GET"]}}],"collection":[{"href":"https:\/\/www.coskunozhukuk.com\/index.php?rest_route=\/wp\/v2\/posts"}],"about":[{"href":"https:\/\/www.coskunozhukuk.com\/index.php?rest_route=\/wp\/v2\/types\/post"}],"author":[{"embeddable":true,"href":"https:\/\/www.coskunozhukuk.com\/index.php?rest_route=\/wp\/v2\/users\/1"}],"replies":[{"embeddable":true,"href":"https:\/\/www.coskunozhukuk.com\/index.php?rest_route=%2Fwp%2Fv2%2Fcomments&post=425"}],"version-history":[{"count":2,"href":"https:\/\/www.coskunozhukuk.com\/index.php?rest_route=\/wp\/v2\/posts\/425\/revisions"}],"predecessor-version":[{"id":427,"href":"https:\/\/www.coskunozhukuk.com\/index.php?rest_route=\/wp\/v2\/posts\/425\/revisions\/427"}],"wp:attachment":[{"href":"https:\/\/www.coskunozhukuk.com\/index.php?rest_route=%2Fwp%2Fv2%2Fmedia&parent=425"}],"wp:term":[{"taxonomy":"category","embeddable":true,"href":"https:\/\/www.coskunozhukuk.com\/index.php?rest_route=%2Fwp%2Fv2%2Fcategories&post=425"},{"taxonomy":"post_tag","embeddable":true,"href":"https:\/\/www.coskunozhukuk.com\/index.php?rest_route=%2Fwp%2Fv2%2Ftags&post=425"}],"curies":[{"name":"wp","href":"https:\/\/api.w.org\/{rel}","templated":true}]}}